{"id":409,"date":"2023-05-22T12:44:11","date_gmt":"2023-05-22T10:44:11","guid":{"rendered":"http:\/\/www.antoniocaramia.it\/?p=409"},"modified":"2023-05-22T16:04:52","modified_gmt":"2023-05-22T14:04:52","slug":"la-mostra-protagonisti-del-tempo-darte-2-e-stata-un-vero-successo","status":"publish","type":"post","link":"https:\/\/www.antoniocaramia.it\/index.php\/2023\/05\/22\/la-mostra-protagonisti-del-tempo-darte-2-e-stata-un-vero-successo\/","title":{"rendered":"La mostra \u201cProtagonisti del Tempo d\u2019arte 2\u201d \u00e8 stata un vero successo"},"content":{"rendered":"\n<p>C\u2019\u00e8 un museo in Calabria: il \u201cMuseo del Cedro\u201d, in localit\u00e0 Santa Maria del Cedro, sospeso tra le colline del Parco Nazionale del Pollino e le splendide coste del basso mar Tirreno, oggi un posto \u201cmetafisico\u201d e di notevole interesse culturale. Nato intorno al XVI sec., conosciuto nella cronistoria col nome di \u201cCarcere dell\u2019Impresa\u201d; restaurato in modo impeccabile con un intervento di carattere rigenerativo, fu sede di un \u201cantico opificio\u201d. Oggi ci viene restituito semplicemente come un \u201cmuseo della cultura\u201d, che ha donato i suoi spazi, persi nel tempo e nella storia, per una mostra durate pi\u00f9 di un mese, dal titolo:&nbsp;<strong>\u201cProtagonisti del tempo d\u2019arte 2\u201d.<\/strong><\/p>\n\n\n\n<p>Un numero consistente di artisti, provenienti da tutta Italia e dall\u2019estero, ha esposto una serie di opere di ogni genere e tecnica in una collettiva che ha visto una straordinaria compartecipazione di personalit\u00e0 autorevoli (nazionali e locali), giornalisti, media, scuole e gente comune.&nbsp;<\/p>\n\n\n\n<p>La storia e l\u2019impegno costante dei calabresi hanno reso questo posto un importante luogo di attivit\u00e0 culturali e d\u2019iniziative finalizzate alla conoscenza e alla valorizzazione, non soltanto del frutto locale, vanto di una comunit\u00e0 in continuo fermento: il&nbsp;<em>cedro<\/em>, ma dello sviluppo all\u2019interno del panorama socio-culturale di tutta la riviera tirrenica.&nbsp;<\/p>\n\n\n\n<p>A tal proposito, va sottolineato (finalmente) che c\u2019\u00e8 anche un\u2019altra Calabria, fatta d\u2019impegno, sacrifici e lavoro: \u00e8 la Calabria della cultura della Magna Grecia, della scuola, degli artisti, degli operatori culturali e turistici; di gente che ama il proprio territorio e che vuole mostrare ci\u00f2 che i media spesso tendono ad accantonare e stigmatizzare. \u00c8 la Calabria (quella che non siamo abituati a vedere) dove non c\u2019\u00e8 pregiudizio, quella della gente che ci mette, nell\u2019organizzare con passione e seriet\u00e0, qualsiasi tipo di attivit\u00e0 preposta alla valorizzazione sociale e culturale. Grazie a questo fermento, infatti, si \u00e8 potuta organizzare una ricca mostra che ha visto nella serata inaugurale, una partecipazione straordinaria che merita di essere menzionata. Tale partecipazione \u00e8 stata arricchita dalla presenza di autorit\u00e0 di notevole importanza, di un giornalismo specifico, di una critica mirata e soprattutto di una particolare passione per le arti figurative: un ottimo cocktail di benvenuto sulle rive del Tirreno.<\/p>\n\n\n<div class=\"wp-block-image\">\n<figure class=\"aligncenter size-large is-resized\"><img decoding=\"async\" loading=\"lazy\" src=\"http:\/\/www.antoniocaramia.it\/wp-content\/uploads\/2023\/05\/WhatsApp-Image-2023-05-22-at-12.31.46-1-edited.jpeg\" alt=\"\" class=\"wp-image-414\" width=\"499\" height=\"374\" srcset=\"https:\/\/www.antoniocaramia.it\/wp-content\/uploads\/2023\/05\/WhatsApp-Image-2023-05-22-at-12.31.46-1-edited.jpeg 1242w, https:\/\/www.antoniocaramia.it\/wp-content\/uploads\/2023\/05\/WhatsApp-Image-2023-05-22-at-12.31.46-1-edited-300x225.jpeg 300w, https:\/\/www.antoniocaramia.it\/wp-content\/uploads\/2023\/05\/WhatsApp-Image-2023-05-22-at-12.31.46-1-edited-1024x768.jpeg 1024w, https:\/\/www.antoniocaramia.it\/wp-content\/uploads\/2023\/05\/WhatsApp-Image-2023-05-22-at-12.31.46-1-edited-768x576.jpeg 768w\" sizes=\"(max-width: 499px) 100vw, 499px\" \/><figcaption>Antonio Caramia e Vittorio Sgarbi<\/figcaption><\/figure><\/div>\n\n\n<p>Tra le autorit\u00e0 presenti meritano di essere citate quelle considerazioni che hanno sottolineato l\u2019importanza di un progetto finalizzato alla trasmissione di valori artistici e culturali, ma soprattutto di valorizzazione del territorio: il professor e critico d\u2019arte&nbsp;<strong>Vittorio Sgarbi<\/strong>, che ha decantato, attraverso uno straordinario e diacronico collegamento, il \u201cCantico dei cantici\u201d (testo contenuto nella Bibbia ebraica e cristiana) con il territorio, l\u2019arte e la cultura locale. Lo stesso ha poi evidenziato, nei vari interventi, quanto le avanguardie storiche non hanno avuto molta presa sul panorama degli odierni artisti che invece continuano il loro operato prediligendo perlopi\u00f9 le tecniche tradizionali, chi con estrema capacit\u00e0 pittorica e chi, semplicemente con la propria inesauribile passione. Il giornalista e conduttore&nbsp;<strong>Paolo Di Giannantonio<\/strong>, sempre con voce pacata e ben calibrata, ha espresso considerazione positive in merito all\u2019iniziativa e al territorio e al costante impegno delle autorit\u00e0 locali, insieme a tutti gli altri ospiti tra cui: il sindaco della citt\u00e0&nbsp;<strong>Ugo Vetere, Gianluca Gallo<\/strong>(assessore e consigliere della regione Calabria),<strong>&nbsp;Daniela Rambaldi della \u201cFondazione Carlo Rambaldi<\/strong>, hanno tutti puntato soprattutto sul concetto di sinergia, vincente quando c\u2019\u00e8 impegno e collaborazione. Non va dimenticata la partecipazione dei ragazzi (composta e straordinaria) dell\u2019IIS di Praia a Mare che hanno, insieme alla dirigente&nbsp;<strong>Maria Cristina Rippa<\/strong>&nbsp;e ai suoi docenti, deliziato il palato di tutti gli invitati con le loro prelibatezze di arte culinaria.&nbsp;<\/p>\n\n\n<div class=\"wp-block-image\">\n<figure class=\"aligncenter size-full\"><img decoding=\"async\" loading=\"lazy\" width=\"531\" height=\"398\" src=\"http:\/\/www.antoniocaramia.it\/wp-content\/uploads\/2023\/05\/WhatsApp-Image-2023-05-22-at-12.31.46-edited.jpeg\" alt=\"\" class=\"wp-image-411\" srcset=\"https:\/\/www.antoniocaramia.it\/wp-content\/uploads\/2023\/05\/WhatsApp-Image-2023-05-22-at-12.31.46-edited.jpeg 531w, https:\/\/www.antoniocaramia.it\/wp-content\/uploads\/2023\/05\/WhatsApp-Image-2023-05-22-at-12.31.46-edited-300x225.jpeg 300w\" sizes=\"(max-width: 531px) 100vw, 531px\" \/><figcaption>Antonio Caramia e Paolo Di Giannantonio<\/figcaption><\/figure><\/div>\n\n\n<p>La mostra ha avuto una tale risonanza che le visite sono state prolungate di due settimane e, alla sua seconda edizione, ha visto ancora una volta protagonista la curatrice e artista&nbsp;<strong>Angiolina Marchese<\/strong>&nbsp;che \u00e8 riuscita a mettere insieme un complesso organizzativo ben articolato insieme a un team di alta qualit\u00e0 e grande sensibilit\u00e0 artistica, in nome della valorizzazione del territorio.<\/p>\n\n\n\n<p>Non vanno dimenticati soprattutto gli artisti partecipanti (veri protagonisti dell\u2019evento) che, con le loro opere, la loro diversit\u00e0, il loro impegno, professionalit\u00e0 e passione, hanno fatto da collante e da comune denominatore nella finalizzazione positiva dell\u2019evento. Le loro opere, piene di temi di notevole importanza tecnica e contenutistica, sono state sinonimo di personalit\u00e0 e elaborazione passionale e possono essere raccolte (tutte) in una felice espressione del pittore russo Kandjinsky: \u201cLa vera opera d\u2019arte nasce dall\u2019artista in modo misterioso, enigmatico, mistico. Staccandosi da lui assume una sua personalit\u00e0, e diviene un soggetto indipendente con un suo respiro spirituale e una sua vita concreta\u2026\u201d<\/p>\n\n\n<div class=\"wp-block-image\">\n<figure class=\"aligncenter size-full is-resized\"><img decoding=\"async\" loading=\"lazy\" src=\"http:\/\/www.antoniocaramia.it\/wp-content\/uploads\/2023\/05\/WhatsApp-Image-2023-05-22-at-12.31.45-1.jpeg\" alt=\"\" class=\"wp-image-415\" width=\"548\" height=\"548\" srcset=\"https:\/\/www.antoniocaramia.it\/wp-content\/uploads\/2023\/05\/WhatsApp-Image-2023-05-22-at-12.31.45-1.jpeg 960w, https:\/\/www.antoniocaramia.it\/wp-content\/uploads\/2023\/05\/WhatsApp-Image-2023-05-22-at-12.31.45-1-300x300.jpeg 300w, https:\/\/www.antoniocaramia.it\/wp-content\/uploads\/2023\/05\/WhatsApp-Image-2023-05-22-at-12.31.45-1-150x150.jpeg 150w, https:\/\/www.antoniocaramia.it\/wp-content\/uploads\/2023\/05\/WhatsApp-Image-2023-05-22-at-12.31.45-1-768x768.jpeg 768w\" sizes=\"(max-width: 548px) 100vw, 548px\" \/><figcaption><em>Si ferma orologio<br><\/em>50&#215;50 cm Olio su tela 2017<\/figcaption><\/figure><\/div>\n\n\n<p>In conclusione va ricordato un pensiero: tra tutte le cose che dividono gli uomini, la Cultura: questa strana maestra, \u00e8 l\u2019unica che tende a moltiplicarsi, se divisa.&nbsp;<\/p>\n\n\n\n<p>Citiamo di seguito gli artisti partecipanti con una piccola riflessione sul loro lavoro. E come disse di Curbet in una sua lettera all\u2019amico scrittore Guy De Maupassant riguardo l\u2019opera \u201cI funerali ad Orans\u201d: \u201cnon c\u2019\u00e8 chi non voglia essere ritratto, ma non potr\u00f2 accontentarli tutti\u201d.<\/p>\n\n\n\n<p><strong>LISTA ARTISTI:<\/strong><\/p>\n\n\n\n<p><strong>Alessio Ierardi \u201cMy Selfs\u201d<\/strong>, con una sintetica, ma efficace esercitazione caravaggesca;&nbsp;<strong>Albertino Spina<\/strong>, che ripercorre un\u2019esperienza solida attraverso l\u2019impressionismo cavaraggesco;&nbsp;<strong>Amjed Rifaie<\/strong>, sintetica e grafica in un volto femminile sensuale e onomotopeico;&nbsp;<strong>Andrea Cerqua<\/strong>, con un romantico tramonto tirrenico affacciato su un mare lapislazzuli;&nbsp;<strong>Angela De Franco<\/strong>, immersa in una Eden paesaggistica in cui il soggetto protagonista \u00e8 la pianta del cedro che diventa l\u2019albero della vita;&nbsp;<strong>Angela Lento<\/strong>, polimaterico sospeso tra surrealismo magico e fiabesco;&nbsp;<strong>Angela Russo<\/strong>, impegnata in una composizione figurativo astratta da tonalit\u00e0 ricche, con forte impatto grafico;&nbsp;<strong>Angiolina Marchese<\/strong>, con una natura morta inquadrata in maniera moderna, secondo la tecnica dello still life;&nbsp;<strong>Annarita Pancini<\/strong>, con un polimaterico a rilievo, tra freschezza del segno e luminosit\u00e0 cromatica;&nbsp;<strong>Antonella Aiello<\/strong>, con un ritratto in ambiente calabrese e una finestra strappata a Magritte;&nbsp;<strong>Antonella De Medici<\/strong>, in un quotidiano ritratto di un positivo futuro dell\u2019umanit\u00e0;&nbsp;<strong>Antonella Pinto<\/strong>, in una felice interpretazione di un ulivo in chiave divisionista;&nbsp;<strong>Antonio Caramia<\/strong>, immerso con la fantasia in un soggetto libero e svolazzante tra surrealismo magico e metafisica;&nbsp;<strong>Antonio Russo Galante<\/strong>, in una metonimia del \u201cQuarto Stato\u201d in chiave moderna;&nbsp;<strong>Aranka Sz\u00e8kely<\/strong>, con una scena di vita quotidiana ferma in un\u2019attesa;&nbsp;<strong>Arkadiusz Sedek<\/strong>, il pi\u00f9 concettuale degli espositori, con una immagine digitale riflessa, \u201cphoto-elaborata\u201d, di forte impatto comunicativo;&nbsp;<strong>Carla Pugliano<\/strong>, con un figurativo che mette in simbiosi umana essenza e natura;&nbsp;<strong>Carla Filippi \u201cN\u00e8vel\u201d<\/strong>, con un notturno paesaggio marino a sfondo metropolitano;&nbsp;<strong>Carmelita Caruso<\/strong>, intrapresa in un \u201csaggio\u201d con tecnica mista di ricordi depositati nella mente;&nbsp;<strong>Carmelo Perri<\/strong>, con una composizione metafisica e onirica;&nbsp;<strong>Claudio Sciascia<\/strong>, in una felice interpretazione in chiave naturalistica con colori alla Gaugain;&nbsp;<strong>Concetta Russo<\/strong>, con uno scorcio di donna a forme dispersive in chiave espressionista (fouve);&nbsp;<strong>Corradino Corrado<\/strong>, reportage pittorico figurativo tra antropologia e fotostoria;&nbsp;<strong>Doralucia Cioglia Brasil<\/strong>, con siluette che svolazzano in uno spazio astratto alla maniera di Matisse;&nbsp;<strong>Dorotea Li Causi<\/strong>, con una maternit\u00e0 prosperosa in chiave cubista e geometrica;&nbsp;<strong>Eleonora Sala<\/strong>, con un\u2019opera dirompente pluridirezionale in chiave post futurista;&nbsp;<strong>Emma Bitri<\/strong>, con un abbraccio passionale dalla stesura grafica e compositiva alla Klimt;&nbsp;<strong>Enio Di Stefano<\/strong>, con una natura morta consumata e imprigionata dalla luce;&nbsp;<strong>Enzo Spina<\/strong>, figura allungata alla Giacometti, ma trattata con materiale argilloso e monocromatico;&nbsp;&nbsp;<strong>Eugenia Loiero<\/strong>, che si immerge nella cultura della Magna Grecia rappresentando un guerriero dorico;&nbsp;<strong>Fausto Nazer<\/strong>, con un ombrello rosso in un mare di piovosi grigi, sinonimo di diversit\u00e0 e solitudine;&nbsp;<strong>Fernando D\u2019Ospina<\/strong>, con un volto espressionista e ben organizzato nel segno;&nbsp;<strong>Franco Grisolano \u201cFra Gri\u201d<\/strong>, che inquadra una composizione grafico pittorica dei tramonti calabresi;&nbsp;<strong>Francesca Paoletta<\/strong>, in una felice coniugazione astratta tra cultura e arte della strada;&nbsp;<strong>Francesca Mazza<\/strong>, con una poesia, di cui un estratto: \u201c\u2026Iride primaverile, cuore puerile\u201d, commenta, in un vortice di passionale, le pulsioni creative di ogni artista;&nbsp;&nbsp;<strong>Franco Garuti<\/strong>, con una perfetta simbiosi figurativa tra musica e pittura; Franco Rino Nanu, con un gioco astratto di figure che si materializzano in un ricco cromatico \u201ccarresecare\u201d;&nbsp;<strong>Francesco Naccari<\/strong>, che si immerge in un gioco impetuoso di cromie astratte e ben equilibrate;&nbsp;<strong>Francesco Bulzis<\/strong>, in un polimaterico che ritrae una donna avvolta da un\u2019intricata natura autunnale a rilievo;&nbsp;<strong>Francesco Diana \u201c Kekko\u201d<\/strong>, con un intreccio di mani sinonimo di pace, amore e trascendenza;&nbsp;<strong>Giuseppina Irene Groccia<\/strong>, con una grafica sintetica ed impetuosa di un volto di giovane donna;&nbsp;<strong>Giusi Spadola Incatasciato<\/strong>, con calda veduta di mare trattata con pennellate alla Chagall;&nbsp;<strong>Gregorio Procopio<\/strong>, che crea una sineddoche retorica e ironica tra asprezza naturale e umana;&nbsp;<strong>Giacomina Di Salvo \u201c\u03b5\u03b4\u03b5\u03bd DSG\u201d<\/strong>, che elabora una composizione classicista in chiave na\u00eff con una tecnica a rilievo;&nbsp;<strong>Ines Fragale<\/strong>, con un boscoso paesaggio autunnale contornato da foglie e alberi;&nbsp;<strong>Isella Bongiorni<\/strong>, in una maternit\u00e0 figurativa, ma fortemente simbolica;&nbsp;<strong>Iva Tufo Kamala<\/strong>, con un enigmatico ed efficace messaggio tra tempo, guerra e pace;&nbsp;<strong>Karen Thomas<\/strong>, con un compromesso visivo propone uno sfondo paesaggistico creando un\u2019immagine astratta alla Schifano<strong>; Laura Bruno<\/strong>, con un forte messaggio di etica globale e umanitaria;&nbsp;<strong>Loredana Mondello<\/strong>, con una serie di volti significativi che emergono vigorosi simultaneamente;&nbsp;<strong>Lorella Lauricella<\/strong>, in un&nbsp;na\u00eff figurativo con pennellate di getto orizzontali e verticali;&nbsp;<strong>Luciano Tigani<\/strong>, immerso in una natura autunnale e ben composta pittoricamente;&nbsp;<strong>Luisa Barrano<\/strong>, sensuale rappresentazione pittorica di donna con la natura;&nbsp;<strong>Marcello La Neve<\/strong>, con pregevoli effetti in trasparenza, delicati e comunicativi;&nbsp;<strong>Mariagrazia Zanetti<\/strong>, con un vortice compositivo di marcata sensibilit\u00e0 astratta e cromatica;&nbsp;<strong>Maria Di Maio<\/strong>, immersa splendidamente con un veliero nell\u2019azzurro Mar del Tirreno;&nbsp;<strong>Martina Russo<\/strong>, con un\u2019opera simbolica e immensa caratterizzata dalla presenza di una simbolica fenice liberatoria;&nbsp;<strong>Massimo Fraboni<\/strong>, con tecnica veloce e singolare che ricorda le opere di Clemente;&nbsp;<strong>Monia Micaletto<\/strong>, con un ritratto che d\u00e0 giustizia alla pittura superando l\u2019effetto fotografico<strong>; Monica Arabia<\/strong>, con un ritratto di Pasolini eseguito alla perfezione in terracotta smaltata;&nbsp;<strong>Monika Golc<\/strong>, con profilo di donna in pausa di riflessione, essenza del pensiero umano;&nbsp;<strong>Nadia Martorano<\/strong>, che come Monet si immerge in uno stagno policromo e vivace dalle tonalit\u00e0 fredde calde;&nbsp;<strong>Ombretta Del Monte<\/strong>, rivoluzionaria e suprematista nel segno e nei colori;&nbsp;<strong>Ottavio Pedditzi<\/strong>, che come Mir\u00f2 si immerge in una composizione surreale e astratta; Paolo Graziani, con una felice realizzazione astratta e informale<strong>; Paolo Cetraro<\/strong>, dove il rapporto umano si intreccia tra antropomorfia e gigantomachia;&nbsp;<strong>Paolo Graziani<\/strong>, con tonalit\u00e0 dolci e fredde dipinge una intimit\u00e0 che induce l\u2019osservatore ad un pensiero profondo sull\u2019esistenza umana, usando una tecnica astratta e ai limiti dell\u2019informale;&nbsp;<strong>Paolo Lelli<\/strong>, pura comunicazione concettuale con una grafica aderenziale e rassegnata alla provocazione;&nbsp;<strong>Pasquale Terracciano<\/strong>, che gioca con una grafica pittorica dal richiamo magico surrealista;&nbsp;<strong>Patrizia Almonti<\/strong>, con un pannello quadrilobato policromatico rievocativo delle formelle del Battistero di San Giovanni a Firenze, ma con soggetti personalizzati e localizzati;&nbsp;<strong>Patrizia Di Benedetto<\/strong>, con un bis di sculture di donna realizzate con pirofila in perfetto equilibrio con lo spazio circostante;&nbsp;<strong>Patrizia Lo Feudo<\/strong>, che concretizza, in chiave realistica, una Venere botticelliana, circondata da simboliche farfalle, metafore di libert\u00e0;&nbsp;<strong>Pinella Imbesi<\/strong>, con un paesaggio collinare immerso in un silenzio che ferma il tempo e lo spazio;&nbsp;<strong>Pino Indrieri<\/strong>, in un romantico scorcio impressionista, ma lavorato alla \u201cmacchia\u201d;&nbsp;<strong>Raul Risio<\/strong>, in una geometrica e efficace descrizione realista della natura;&nbsp;<strong>Roberto Urbani<\/strong>, che concettualizza, attraverso un piumaggio azzurro, un atto di fede e misericordia umana;&nbsp;<strong>Roky Marchese<\/strong>, in una danza grafico tribale dai sapori etnici<strong>; Rosanna Messina<\/strong>, con una donna di profilo ben organizzata su un fondo marino;&nbsp;<strong>Rosanna Vetturini<\/strong>, con un nudo di spalle elaborato con tecnica lampo ed espressionista;&nbsp;<strong>Rosella Giorgetti<\/strong>, con una lucifera esplosione di passione cromatica<strong>; Rossana Chiappetta<\/strong>, con una natura morta dalle cromie alla Carr\u00e0;&nbsp;<strong>Roxette Pa<\/strong>, con ritratto bicromatico a mezzo volto in primo piano;&nbsp;<strong>Salvatore Migale<\/strong>, che raccoglie gli indumenti di Pistoletto per crea una composizione concettuale in chiave fashion;&nbsp;<strong>Santiago Belacqua<\/strong>, con una intrecciata ricchezza di figure singolari e una&nbsp;&nbsp;frontale \u201cPiet\u00e0\u201d, dipinta con toni caldi e freddi che conferiscono ricchezza cromatica e compositiva;&nbsp;<strong>Stefano Sommariva<\/strong>, con un omaggio astrattista al \u201cGruppo forma\u201d e soprattutto a Piero Dorazio;&nbsp;<strong>Tony Morelli<\/strong>, in una composizione figurativa con un cielo che si stratifica in un profondo autunno;&nbsp;<strong>Vincenzo Andracchio<\/strong>, con una singolare traslazione simbolica dell\u2019uomo in rapporto al mondo; in fine&nbsp;<strong>Yolanda Di Fede<\/strong>, che si immerge in uno spazio espressionista con cromie alla Matisse.<\/p>\n\n\n\n<p>La mostra ha lasciato nei partecipanti, organizzatori e nella comunit\u00e0 ospitante, quel sapore tipico della Calabria, sospeso tra cortesia, gentilezza e un pizzico di asprezza tipica del cedro, il tutto sotto la splendida cornice dei tramonti tirrenici.<\/p>\n\n\n\n<p>Antonio Caramia<\/p>\n","protected":false},"excerpt":{"rendered":"<p>C\u2019\u00e8 un museo in Calabria: il \u201cMuseo del Cedro\u201d, in localit\u00e0 Santa Maria del Cedro, sospeso tra le colline del Parco Nazionale del Pollino e le splendide coste del basso mar Tirreno, oggi un posto \u201cmetafisico\u201d e di notevole interesse culturale. Nato intorno al XVI sec., conosciuto nella cronistoria col nome di \u201cCarcere dell\u2019Impresa\u201d; restaurato [&hellip;]<\/p>\n","protected":false},"author":2,"featured_media":414,"comment_status":"closed","ping_status":"closed","sticky":false,"template":"","format":"standard","meta":[],"categories":[4],"tags":[],"yoast_head":"<!-- This site is optimized with the Yoast SEO plugin v20.12 - https:\/\/yoast.com\/wordpress\/plugins\/seo\/ -->\n<title>La mostra \u201cProtagonisti del Tempo d\u2019arte 2\u201d \u00e8 stata un vero successo - Antonio Caramia<\/title>\n<meta name=\"robots\" content=\"index, follow, max-snippet:-1, max-image-preview:large, max-video-preview:-1\" \/>\n<link rel=\"canonical\" href=\"https:\/\/www.antoniocaramia.it\/index.php\/2023\/05\/22\/la-mostra-protagonisti-del-tempo-darte-2-e-stata-un-vero-successo\/\" \/>\n<meta property=\"og:locale\" content=\"it_IT\" \/>\n<meta property=\"og:type\" content=\"article\" \/>\n<meta property=\"og:title\" content=\"La mostra \u201cProtagonisti del Tempo d\u2019arte 2\u201d \u00e8 stata un vero successo - Antonio Caramia\" \/>\n<meta property=\"og:description\" content=\"C\u2019\u00e8 un museo in Calabria: il \u201cMuseo del Cedro\u201d, in localit\u00e0 Santa Maria del Cedro, sospeso tra le colline del Parco Nazionale del Pollino e le splendide coste del basso mar Tirreno, oggi un posto \u201cmetafisico\u201d e di notevole interesse culturale. Nato intorno al XVI sec., conosciuto nella cronistoria col nome di \u201cCarcere dell\u2019Impresa\u201d; restaurato [&hellip;]\" \/>\n<meta property=\"og:url\" content=\"https:\/\/www.antoniocaramia.it\/index.php\/2023\/05\/22\/la-mostra-protagonisti-del-tempo-darte-2-e-stata-un-vero-successo\/\" \/>\n<meta property=\"og:site_name\" content=\"Antonio Caramia\" \/>\n<meta property=\"article:published_time\" content=\"2023-05-22T10:44:11+00:00\" \/>\n<meta property=\"article:modified_time\" content=\"2023-05-22T14:04:52+00:00\" \/>\n<meta property=\"og:image\" content=\"https:\/\/www.antoniocaramia.it\/wp-content\/uploads\/2023\/05\/WhatsApp-Image-2023-05-22-at-12.31.46-1-edited.jpeg\" \/>\n\t<meta property=\"og:image:width\" content=\"1242\" \/>\n\t<meta property=\"og:image:height\" content=\"931\" \/>\n\t<meta property=\"og:image:type\" content=\"image\/jpeg\" \/>\n<meta name=\"author\" content=\"Antonio Caramia\" \/>\n<meta name=\"twitter:card\" content=\"summary_large_image\" \/>\n<meta name=\"twitter:label1\" content=\"Scritto da\" \/>\n\t<meta name=\"twitter:data1\" content=\"Antonio Caramia\" \/>\n\t<meta name=\"twitter:label2\" content=\"Tempo di lettura stimato\" \/>\n\t<meta name=\"twitter:data2\" content=\"11 minuti\" \/>\n<script type=\"application\/ld+json\" class=\"yoast-schema-graph\">{\"@context\":\"https:\/\/schema.org\",\"@graph\":[{\"@type\":\"Article\",\"@id\":\"https:\/\/www.antoniocaramia.it\/index.php\/2023\/05\/22\/la-mostra-protagonisti-del-tempo-darte-2-e-stata-un-vero-successo\/#article\",\"isPartOf\":{\"@id\":\"https:\/\/www.antoniocaramia.it\/index.php\/2023\/05\/22\/la-mostra-protagonisti-del-tempo-darte-2-e-stata-un-vero-successo\/\"},\"author\":{\"name\":\"Antonio Caramia\",\"@id\":\"https:\/\/www.antoniocaramia.it\/#\/schema\/person\/e1b8d9205c65c3ab60bff6f947b77ad1\"},\"headline\":\"La mostra \u201cProtagonisti del Tempo d\u2019arte 2\u201d \u00e8 stata un vero successo\",\"datePublished\":\"2023-05-22T10:44:11+00:00\",\"dateModified\":\"2023-05-22T14:04:52+00:00\",\"mainEntityOfPage\":{\"@id\":\"https:\/\/www.antoniocaramia.it\/index.php\/2023\/05\/22\/la-mostra-protagonisti-del-tempo-darte-2-e-stata-un-vero-successo\/\"},\"wordCount\":2221,\"publisher\":{\"@id\":\"https:\/\/www.antoniocaramia.it\/#\/schema\/person\/e1b8d9205c65c3ab60bff6f947b77ad1\"},\"articleSection\":[\"Articoli\"],\"inLanguage\":\"it-IT\"},{\"@type\":\"WebPage\",\"@id\":\"https:\/\/www.antoniocaramia.it\/index.php\/2023\/05\/22\/la-mostra-protagonisti-del-tempo-darte-2-e-stata-un-vero-successo\/\",\"url\":\"https:\/\/www.antoniocaramia.it\/index.php\/2023\/05\/22\/la-mostra-protagonisti-del-tempo-darte-2-e-stata-un-vero-successo\/\",\"name\":\"La mostra \u201cProtagonisti del Tempo d\u2019arte 2\u201d \u00e8 stata un vero successo - Antonio Caramia\",\"isPartOf\":{\"@id\":\"https:\/\/www.antoniocaramia.it\/#website\"},\"datePublished\":\"2023-05-22T10:44:11+00:00\",\"dateModified\":\"2023-05-22T14:04:52+00:00\",\"breadcrumb\":{\"@id\":\"https:\/\/www.antoniocaramia.it\/index.php\/2023\/05\/22\/la-mostra-protagonisti-del-tempo-darte-2-e-stata-un-vero-successo\/#breadcrumb\"},\"inLanguage\":\"it-IT\",\"potentialAction\":[{\"@type\":\"ReadAction\",\"target\":[\"https:\/\/www.antoniocaramia.it\/index.php\/2023\/05\/22\/la-mostra-protagonisti-del-tempo-darte-2-e-stata-un-vero-successo\/\"]}]},{\"@type\":\"BreadcrumbList\",\"@id\":\"https:\/\/www.antoniocaramia.it\/index.php\/2023\/05\/22\/la-mostra-protagonisti-del-tempo-darte-2-e-stata-un-vero-successo\/#breadcrumb\",\"itemListElement\":[{\"@type\":\"ListItem\",\"position\":1,\"name\":\"Home\",\"item\":\"https:\/\/www.antoniocaramia.it\/\"},{\"@type\":\"ListItem\",\"position\":2,\"name\":\"La mostra \u201cProtagonisti del Tempo d\u2019arte 2\u201d \u00e8 stata un vero successo\"}]},{\"@type\":\"WebSite\",\"@id\":\"https:\/\/www.antoniocaramia.it\/#website\",\"url\":\"https:\/\/www.antoniocaramia.it\/\",\"name\":\"Antonio Caramia\",\"description\":\"Pittore\",\"publisher\":{\"@id\":\"https:\/\/www.antoniocaramia.it\/#\/schema\/person\/e1b8d9205c65c3ab60bff6f947b77ad1\"},\"potentialAction\":[{\"@type\":\"SearchAction\",\"target\":{\"@type\":\"EntryPoint\",\"urlTemplate\":\"https:\/\/www.antoniocaramia.it\/?s={search_term_string}\"},\"query-input\":\"required name=search_term_string\"}],\"inLanguage\":\"it-IT\"},{\"@type\":[\"Person\",\"Organization\"],\"@id\":\"https:\/\/www.antoniocaramia.it\/#\/schema\/person\/e1b8d9205c65c3ab60bff6f947b77ad1\",\"name\":\"Antonio Caramia\",\"image\":{\"@type\":\"ImageObject\",\"inLanguage\":\"it-IT\",\"@id\":\"https:\/\/www.antoniocaramia.it\/#\/schema\/person\/image\/\",\"url\":\"https:\/\/www.antoniocaramia.it\/wp-content\/uploads\/2023\/08\/Immagine-WhatsApp-2023-08-01-ore-16.51.20.jpg\",\"contentUrl\":\"https:\/\/www.antoniocaramia.it\/wp-content\/uploads\/2023\/08\/Immagine-WhatsApp-2023-08-01-ore-16.51.20.jpg\",\"width\":1316,\"height\":1593,\"caption\":\"Antonio Caramia\"},\"logo\":{\"@id\":\"https:\/\/www.antoniocaramia.it\/#\/schema\/person\/image\/\"},\"sameAs\":[\"https:\/\/www.antoniocaramia.it\"],\"url\":\"https:\/\/www.antoniocaramia.it\/index.php\/author\/antonio\/\"}]}<\/script>\n<!-- \/ Yoast SEO plugin. -->","yoast_head_json":{"title":"La mostra \u201cProtagonisti del Tempo d\u2019arte 2\u201d \u00e8 stata un vero successo - Antonio Caramia","robots":{"index":"index","follow":"follow","max-snippet":"max-snippet:-1","max-image-preview":"max-image-preview:large","max-video-preview":"max-video-preview:-1"},"canonical":"https:\/\/www.antoniocaramia.it\/index.php\/2023\/05\/22\/la-mostra-protagonisti-del-tempo-darte-2-e-stata-un-vero-successo\/","og_locale":"it_IT","og_type":"article","og_title":"La mostra \u201cProtagonisti del Tempo d\u2019arte 2\u201d \u00e8 stata un vero successo - Antonio Caramia","og_description":"C\u2019\u00e8 un museo in Calabria: il \u201cMuseo del Cedro\u201d, in localit\u00e0 Santa Maria del Cedro, sospeso tra le colline del Parco Nazionale del Pollino e le splendide coste del basso mar Tirreno, oggi un posto \u201cmetafisico\u201d e di notevole interesse culturale. Nato intorno al XVI sec., conosciuto nella cronistoria col nome di \u201cCarcere dell\u2019Impresa\u201d; restaurato [&hellip;]","og_url":"https:\/\/www.antoniocaramia.it\/index.php\/2023\/05\/22\/la-mostra-protagonisti-del-tempo-darte-2-e-stata-un-vero-successo\/","og_site_name":"Antonio Caramia","article_published_time":"2023-05-22T10:44:11+00:00","article_modified_time":"2023-05-22T14:04:52+00:00","og_image":[{"width":1242,"height":931,"url":"https:\/\/www.antoniocaramia.it\/wp-content\/uploads\/2023\/05\/WhatsApp-Image-2023-05-22-at-12.31.46-1-edited.jpeg","type":"image\/jpeg"}],"author":"Antonio Caramia","twitter_card":"summary_large_image","twitter_misc":{"Scritto da":"Antonio Caramia","Tempo di lettura stimato":"11 minuti"},"schema":{"@context":"https:\/\/schema.org","@graph":[{"@type":"Article","@id":"https:\/\/www.antoniocaramia.it\/index.php\/2023\/05\/22\/la-mostra-protagonisti-del-tempo-darte-2-e-stata-un-vero-successo\/#article","isPartOf":{"@id":"https:\/\/www.antoniocaramia.it\/index.php\/2023\/05\/22\/la-mostra-protagonisti-del-tempo-darte-2-e-stata-un-vero-successo\/"},"author":{"name":"Antonio Caramia","@id":"https:\/\/www.antoniocaramia.it\/#\/schema\/person\/e1b8d9205c65c3ab60bff6f947b77ad1"},"headline":"La mostra \u201cProtagonisti del Tempo d\u2019arte 2\u201d \u00e8 stata un vero successo","datePublished":"2023-05-22T10:44:11+00:00","dateModified":"2023-05-22T14:04:52+00:00","mainEntityOfPage":{"@id":"https:\/\/www.antoniocaramia.it\/index.php\/2023\/05\/22\/la-mostra-protagonisti-del-tempo-darte-2-e-stata-un-vero-successo\/"},"wordCount":2221,"publisher":{"@id":"https:\/\/www.antoniocaramia.it\/#\/schema\/person\/e1b8d9205c65c3ab60bff6f947b77ad1"},"articleSection":["Articoli"],"inLanguage":"it-IT"},{"@type":"WebPage","@id":"https:\/\/www.antoniocaramia.it\/index.php\/2023\/05\/22\/la-mostra-protagonisti-del-tempo-darte-2-e-stata-un-vero-successo\/","url":"https:\/\/www.antoniocaramia.it\/index.php\/2023\/05\/22\/la-mostra-protagonisti-del-tempo-darte-2-e-stata-un-vero-successo\/","name":"La mostra \u201cProtagonisti del Tempo d\u2019arte 2\u201d \u00e8 stata un vero successo - Antonio Caramia","isPartOf":{"@id":"https:\/\/www.antoniocaramia.it\/#website"},"datePublished":"2023-05-22T10:44:11+00:00","dateModified":"2023-05-22T14:04:52+00:00","breadcrumb":{"@id":"https:\/\/www.antoniocaramia.it\/index.php\/2023\/05\/22\/la-mostra-protagonisti-del-tempo-darte-2-e-stata-un-vero-successo\/#breadcrumb"},"inLanguage":"it-IT","potentialAction":[{"@type":"ReadAction","target":["https:\/\/www.antoniocaramia.it\/index.php\/2023\/05\/22\/la-mostra-protagonisti-del-tempo-darte-2-e-stata-un-vero-successo\/"]}]},{"@type":"BreadcrumbList","@id":"https:\/\/www.antoniocaramia.it\/index.php\/2023\/05\/22\/la-mostra-protagonisti-del-tempo-darte-2-e-stata-un-vero-successo\/#breadcrumb","itemListElement":[{"@type":"ListItem","position":1,"name":"Home","item":"https:\/\/www.antoniocaramia.it\/"},{"@type":"ListItem","position":2,"name":"La mostra \u201cProtagonisti del Tempo d\u2019arte 2\u201d \u00e8 stata un vero successo"}]},{"@type":"WebSite","@id":"https:\/\/www.antoniocaramia.it\/#website","url":"https:\/\/www.antoniocaramia.it\/","name":"Antonio Caramia","description":"Pittore","publisher":{"@id":"https:\/\/www.antoniocaramia.it\/#\/schema\/person\/e1b8d9205c65c3ab60bff6f947b77ad1"},"potentialAction":[{"@type":"SearchAction","target":{"@type":"EntryPoint","urlTemplate":"https:\/\/www.antoniocaramia.it\/?s={search_term_string}"},"query-input":"required name=search_term_string"}],"inLanguage":"it-IT"},{"@type":["Person","Organization"],"@id":"https:\/\/www.antoniocaramia.it\/#\/schema\/person\/e1b8d9205c65c3ab60bff6f947b77ad1","name":"Antonio Caramia","image":{"@type":"ImageObject","inLanguage":"it-IT","@id":"https:\/\/www.antoniocaramia.it\/#\/schema\/person\/image\/","url":"https:\/\/www.antoniocaramia.it\/wp-content\/uploads\/2023\/08\/Immagine-WhatsApp-2023-08-01-ore-16.51.20.jpg","contentUrl":"https:\/\/www.antoniocaramia.it\/wp-content\/uploads\/2023\/08\/Immagine-WhatsApp-2023-08-01-ore-16.51.20.jpg","width":1316,"height":1593,"caption":"Antonio Caramia"},"logo":{"@id":"https:\/\/www.antoniocaramia.it\/#\/schema\/person\/image\/"},"sameAs":["https:\/\/www.antoniocaramia.it"],"url":"https:\/\/www.antoniocaramia.it\/index.php\/author\/antonio\/"}]}},"_links":{"self":[{"href":"https:\/\/www.antoniocaramia.it\/index.php\/wp-json\/wp\/v2\/posts\/409"}],"collection":[{"href":"https:\/\/www.antoniocaramia.it\/index.php\/wp-json\/wp\/v2\/posts"}],"about":[{"href":"https:\/\/www.antoniocaramia.it\/index.php\/wp-json\/wp\/v2\/types\/post"}],"author":[{"embeddable":true,"href":"https:\/\/www.antoniocaramia.it\/index.php\/wp-json\/wp\/v2\/users\/2"}],"replies":[{"embeddable":true,"href":"https:\/\/www.antoniocaramia.it\/index.php\/wp-json\/wp\/v2\/comments?post=409"}],"version-history":[{"count":8,"href":"https:\/\/www.antoniocaramia.it\/index.php\/wp-json\/wp\/v2\/posts\/409\/revisions"}],"predecessor-version":[{"id":423,"href":"https:\/\/www.antoniocaramia.it\/index.php\/wp-json\/wp\/v2\/posts\/409\/revisions\/423"}],"wp:featuredmedia":[{"embeddable":true,"href":"https:\/\/www.antoniocaramia.it\/index.php\/wp-json\/wp\/v2\/media\/414"}],"wp:attachment":[{"href":"https:\/\/www.antoniocaramia.it\/index.php\/wp-json\/wp\/v2\/media?parent=409"}],"wp:term":[{"taxonomy":"category","embeddable":true,"href":"https:\/\/www.antoniocaramia.it\/index.php\/wp-json\/wp\/v2\/categories?post=409"},{"taxonomy":"post_tag","embeddable":true,"href":"https:\/\/www.antoniocaramia.it\/index.php\/wp-json\/wp\/v2\/tags?post=409"}],"curies":[{"name":"wp","href":"https:\/\/api.w.org\/{rel}","templated":true}]}}