{"id":148,"date":"2020-08-15T16:44:00","date_gmt":"2020-08-15T14:44:00","guid":{"rendered":"http:\/\/www.antoniocaramia.it\/?p=148"},"modified":"2020-10-06T16:49:36","modified_gmt":"2020-10-06T14:49:36","slug":"antonio-caramia-tra-surrealismo-magico-e-letteratura-in-memoria-di-gianni-rodardi","status":"publish","type":"post","link":"https:\/\/www.antoniocaramia.it\/index.php\/2020\/08\/15\/antonio-caramia-tra-surrealismo-magico-e-letteratura-in-memoria-di-gianni-rodardi\/","title":{"rendered":"ANTONIO CARAMIA TRA SURREALISMO MAGICO E LETTERATURA &#8211;  IN MEMORIA DI GIANNI RODARDI"},"content":{"rendered":"\n<p>C\u2019\u00e8 un pittore, a Grottaglie, che non ama le cose semplici. C\u2019\u00e8 un artista che \u00e8 capace di trasformare la realt\u00e0 in sogno, il passato in futuro, la forza di gravit\u00e0 in leggerezza. C\u2019\u00e8 un pittore che, senza presunzione e senza arroganza, sta scrivendo pagine nuove nell\u2019arte contemporanea.<br>Questo artista si chiama Antonio Caramia e vive ed opera nella citt\u00e0 delle ceramiche. Sar\u00e0 stato, forse, per il fatto di aver respirato sin da piccolo l\u2019aria grottagliese che profuma da sempre di terra, di sole, di terracotta e di smalti; sar\u00e0 stato, forse, per la sua innata capacit\u00e0 di osservare il mondo con occhi incantati e sognanti; sar\u00e0 stato perch\u00e9 da sempre la sua sensibilit\u00e0 lo ha portato a cogliere anche gli aspetti meno scontati, meno appariscenti e pi\u00f9 sostanziali della realt\u00e0, certo \u00e8 che l\u2019artista Caramia dipinge scorci di mondi, scaglie di colori, frammenti di paesaggi, oggetti, elementi, personaggi rappresentati in una dimensione onirica che sembra quasi evocare lo spirito della migliore tradizione metafisica italiana, da De Chirico a Carr\u00e0.<br>La pittura, per Caramia, \u00e8 \u201cancora di salvataggio dall\u2019alienazione quotidiana; momento di totale smarrimento dei sensi\u201d e le sue opere ispirate alla natura ma anche alla fantasia evocano un mondo reale ma al tempo stesso sospeso tra le mille domande che oscillano tra passato, presente e futuro e tra fiaba e realt\u00e0.<br>Il prossimo 23 luglio, a Cisternino, in occasione della presentazione dell\u2019evento \u201cNotte verde\u201d, giunto alla sua sesta edizione, l\u2019artista esporr\u00e0 una sua opera intitolata \u201cMademoiselle Butterfly\u201d, ispirata ad una celebre filastrocca di Gianni Rodari dal titolo \u201cLe belle fate\u201d<br>In quella giornata, difatti, si terr\u00e0 l\u2019inaugurazione della mostra \u201cIl favoloso Gianni\u201d, in occasione del centenario dalla nascita di Gianni Rodari. L\u2019olio su tela di Caramia \u00e8 un incantevole ed incantato omaggio alle fate di Rodari, attraverso la figura leggiadra e malinconica di una giovane ballerina in tut\u00f9 bianco, con le ali che si stagliano in un universo onirico in cui, nel vuoto dell\u2019esistenza, emergono isole di farfalle colorate e mondi sospesi di trulli e case bianche, tra luci ed ombre, tra candore ed oscurit\u00e0.<\/p>\n\n\n\n<p>by&nbsp;<a href=\"https:\/\/www.tarantinitime.it\/author\/rossana-ricci\/\">ROSSANA RICCI<\/a><\/p>\n","protected":false},"excerpt":{"rendered":"<p>C\u2019\u00e8 un pittore, a Grottaglie, che non ama le cose semplici. C\u2019\u00e8 un artista che \u00e8 capace di trasformare la realt\u00e0 in sogno, il passato in futuro, la forza di gravit\u00e0 in leggerezza. C\u2019\u00e8 un pittore che, senza presunzione e senza arroganza, sta scrivendo pagine nuove nell\u2019arte contemporanea.Questo artista si chiama Antonio Caramia e vive [&hellip;]<\/p>\n","protected":false},"author":2,"featured_media":71,"comment_status":"closed","ping_status":"closed","sticky":false,"template":"","format":"standard","meta":[],"categories":[4],"tags":[],"yoast_head":"<!-- This site is optimized with the Yoast SEO plugin v20.12 - https:\/\/yoast.com\/wordpress\/plugins\/seo\/ -->\n<title>ANTONIO CARAMIA TRA SURREALISMO MAGICO E LETTERATURA - IN MEMORIA DI GIANNI RODARDI - Antonio Caramia<\/title>\n<meta name=\"robots\" content=\"index, follow, max-snippet:-1, max-image-preview:large, max-video-preview:-1\" \/>\n<link rel=\"canonical\" href=\"https:\/\/www.antoniocaramia.it\/index.php\/2020\/08\/15\/antonio-caramia-tra-surrealismo-magico-e-letteratura-in-memoria-di-gianni-rodardi\/\" \/>\n<meta property=\"og:locale\" content=\"it_IT\" \/>\n<meta property=\"og:type\" content=\"article\" \/>\n<meta property=\"og:title\" content=\"ANTONIO CARAMIA TRA SURREALISMO MAGICO E LETTERATURA - IN MEMORIA DI GIANNI RODARDI - Antonio Caramia\" \/>\n<meta property=\"og:description\" content=\"C\u2019\u00e8 un pittore, a Grottaglie, che non ama le cose semplici. C\u2019\u00e8 un artista che \u00e8 capace di trasformare la realt\u00e0 in sogno, il passato in futuro, la forza di gravit\u00e0 in leggerezza. C\u2019\u00e8 un pittore che, senza presunzione e senza arroganza, sta scrivendo pagine nuove nell\u2019arte contemporanea.Questo artista si chiama Antonio Caramia e vive [&hellip;]\" \/>\n<meta property=\"og:url\" content=\"https:\/\/www.antoniocaramia.it\/index.php\/2020\/08\/15\/antonio-caramia-tra-surrealismo-magico-e-letteratura-in-memoria-di-gianni-rodardi\/\" \/>\n<meta property=\"og:site_name\" content=\"Antonio Caramia\" \/>\n<meta property=\"article:published_time\" content=\"2020-08-15T14:44:00+00:00\" \/>\n<meta property=\"article:modified_time\" content=\"2020-10-06T14:49:36+00:00\" \/>\n<meta property=\"og:image\" content=\"https:\/\/www.antoniocaramia.it\/wp-content\/uploads\/2020\/09\/5f16b91737b46FATINA-PICCINA-PICCIOe775.jpeg\" \/>\n\t<meta property=\"og:image:width\" content=\"1600\" \/>\n\t<meta property=\"og:image:height\" content=\"1336\" \/>\n\t<meta property=\"og:image:type\" content=\"image\/jpeg\" \/>\n<meta name=\"author\" content=\"Antonio Caramia\" \/>\n<meta name=\"twitter:card\" content=\"summary_large_image\" \/>\n<meta name=\"twitter:label1\" content=\"Scritto da\" \/>\n\t<meta name=\"twitter:data1\" content=\"Antonio Caramia\" \/>\n\t<meta name=\"twitter:label2\" content=\"Tempo di lettura stimato\" \/>\n\t<meta name=\"twitter:data2\" content=\"2 minuti\" \/>\n<script type=\"application\/ld+json\" class=\"yoast-schema-graph\">{\"@context\":\"https:\/\/schema.org\",\"@graph\":[{\"@type\":\"Article\",\"@id\":\"https:\/\/www.antoniocaramia.it\/index.php\/2020\/08\/15\/antonio-caramia-tra-surrealismo-magico-e-letteratura-in-memoria-di-gianni-rodardi\/#article\",\"isPartOf\":{\"@id\":\"https:\/\/www.antoniocaramia.it\/index.php\/2020\/08\/15\/antonio-caramia-tra-surrealismo-magico-e-letteratura-in-memoria-di-gianni-rodardi\/\"},\"author\":{\"name\":\"Antonio Caramia\",\"@id\":\"https:\/\/www.antoniocaramia.it\/#\/schema\/person\/e1b8d9205c65c3ab60bff6f947b77ad1\"},\"headline\":\"ANTONIO CARAMIA TRA SURREALISMO MAGICO E LETTERATURA &#8211; IN MEMORIA DI GIANNI RODARDI\",\"datePublished\":\"2020-08-15T14:44:00+00:00\",\"dateModified\":\"2020-10-06T14:49:36+00:00\",\"mainEntityOfPage\":{\"@id\":\"https:\/\/www.antoniocaramia.it\/index.php\/2020\/08\/15\/antonio-caramia-tra-surrealismo-magico-e-letteratura-in-memoria-di-gianni-rodardi\/\"},\"wordCount\":367,\"publisher\":{\"@id\":\"https:\/\/www.antoniocaramia.it\/#\/schema\/person\/e1b8d9205c65c3ab60bff6f947b77ad1\"},\"articleSection\":[\"Articoli\"],\"inLanguage\":\"it-IT\"},{\"@type\":\"WebPage\",\"@id\":\"https:\/\/www.antoniocaramia.it\/index.php\/2020\/08\/15\/antonio-caramia-tra-surrealismo-magico-e-letteratura-in-memoria-di-gianni-rodardi\/\",\"url\":\"https:\/\/www.antoniocaramia.it\/index.php\/2020\/08\/15\/antonio-caramia-tra-surrealismo-magico-e-letteratura-in-memoria-di-gianni-rodardi\/\",\"name\":\"ANTONIO CARAMIA TRA SURREALISMO MAGICO E LETTERATURA - IN MEMORIA DI GIANNI RODARDI - Antonio Caramia\",\"isPartOf\":{\"@id\":\"https:\/\/www.antoniocaramia.it\/#website\"},\"datePublished\":\"2020-08-15T14:44:00+00:00\",\"dateModified\":\"2020-10-06T14:49:36+00:00\",\"breadcrumb\":{\"@id\":\"https:\/\/www.antoniocaramia.it\/index.php\/2020\/08\/15\/antonio-caramia-tra-surrealismo-magico-e-letteratura-in-memoria-di-gianni-rodardi\/#breadcrumb\"},\"inLanguage\":\"it-IT\",\"potentialAction\":[{\"@type\":\"ReadAction\",\"target\":[\"https:\/\/www.antoniocaramia.it\/index.php\/2020\/08\/15\/antonio-caramia-tra-surrealismo-magico-e-letteratura-in-memoria-di-gianni-rodardi\/\"]}]},{\"@type\":\"BreadcrumbList\",\"@id\":\"https:\/\/www.antoniocaramia.it\/index.php\/2020\/08\/15\/antonio-caramia-tra-surrealismo-magico-e-letteratura-in-memoria-di-gianni-rodardi\/#breadcrumb\",\"itemListElement\":[{\"@type\":\"ListItem\",\"position\":1,\"name\":\"Home\",\"item\":\"https:\/\/www.antoniocaramia.it\/\"},{\"@type\":\"ListItem\",\"position\":2,\"name\":\"ANTONIO CARAMIA TRA SURREALISMO MAGICO E LETTERATURA &#8211; IN MEMORIA DI GIANNI RODARDI\"}]},{\"@type\":\"WebSite\",\"@id\":\"https:\/\/www.antoniocaramia.it\/#website\",\"url\":\"https:\/\/www.antoniocaramia.it\/\",\"name\":\"Antonio Caramia\",\"description\":\"Pittore\",\"publisher\":{\"@id\":\"https:\/\/www.antoniocaramia.it\/#\/schema\/person\/e1b8d9205c65c3ab60bff6f947b77ad1\"},\"potentialAction\":[{\"@type\":\"SearchAction\",\"target\":{\"@type\":\"EntryPoint\",\"urlTemplate\":\"https:\/\/www.antoniocaramia.it\/?s={search_term_string}\"},\"query-input\":\"required name=search_term_string\"}],\"inLanguage\":\"it-IT\"},{\"@type\":[\"Person\",\"Organization\"],\"@id\":\"https:\/\/www.antoniocaramia.it\/#\/schema\/person\/e1b8d9205c65c3ab60bff6f947b77ad1\",\"name\":\"Antonio Caramia\",\"image\":{\"@type\":\"ImageObject\",\"inLanguage\":\"it-IT\",\"@id\":\"https:\/\/www.antoniocaramia.it\/#\/schema\/person\/image\/\",\"url\":\"https:\/\/www.antoniocaramia.it\/wp-content\/uploads\/2023\/08\/Immagine-WhatsApp-2023-08-01-ore-16.51.20.jpg\",\"contentUrl\":\"https:\/\/www.antoniocaramia.it\/wp-content\/uploads\/2023\/08\/Immagine-WhatsApp-2023-08-01-ore-16.51.20.jpg\",\"width\":1316,\"height\":1593,\"caption\":\"Antonio Caramia\"},\"logo\":{\"@id\":\"https:\/\/www.antoniocaramia.it\/#\/schema\/person\/image\/\"},\"sameAs\":[\"https:\/\/www.antoniocaramia.it\"],\"url\":\"https:\/\/www.antoniocaramia.it\/index.php\/author\/antonio\/\"}]}<\/script>\n<!-- \/ Yoast SEO plugin. -->","yoast_head_json":{"title":"ANTONIO CARAMIA TRA SURREALISMO MAGICO E LETTERATURA - IN MEMORIA DI GIANNI RODARDI - Antonio Caramia","robots":{"index":"index","follow":"follow","max-snippet":"max-snippet:-1","max-image-preview":"max-image-preview:large","max-video-preview":"max-video-preview:-1"},"canonical":"https:\/\/www.antoniocaramia.it\/index.php\/2020\/08\/15\/antonio-caramia-tra-surrealismo-magico-e-letteratura-in-memoria-di-gianni-rodardi\/","og_locale":"it_IT","og_type":"article","og_title":"ANTONIO CARAMIA TRA SURREALISMO MAGICO E LETTERATURA - IN MEMORIA DI GIANNI RODARDI - Antonio Caramia","og_description":"C\u2019\u00e8 un pittore, a Grottaglie, che non ama le cose semplici. C\u2019\u00e8 un artista che \u00e8 capace di trasformare la realt\u00e0 in sogno, il passato in futuro, la forza di gravit\u00e0 in leggerezza. C\u2019\u00e8 un pittore che, senza presunzione e senza arroganza, sta scrivendo pagine nuove nell\u2019arte contemporanea.Questo artista si chiama Antonio Caramia e vive [&hellip;]","og_url":"https:\/\/www.antoniocaramia.it\/index.php\/2020\/08\/15\/antonio-caramia-tra-surrealismo-magico-e-letteratura-in-memoria-di-gianni-rodardi\/","og_site_name":"Antonio Caramia","article_published_time":"2020-08-15T14:44:00+00:00","article_modified_time":"2020-10-06T14:49:36+00:00","og_image":[{"width":1600,"height":1336,"url":"https:\/\/www.antoniocaramia.it\/wp-content\/uploads\/2020\/09\/5f16b91737b46FATINA-PICCINA-PICCIOe775.jpeg","type":"image\/jpeg"}],"author":"Antonio Caramia","twitter_card":"summary_large_image","twitter_misc":{"Scritto da":"Antonio Caramia","Tempo di lettura stimato":"2 minuti"},"schema":{"@context":"https:\/\/schema.org","@graph":[{"@type":"Article","@id":"https:\/\/www.antoniocaramia.it\/index.php\/2020\/08\/15\/antonio-caramia-tra-surrealismo-magico-e-letteratura-in-memoria-di-gianni-rodardi\/#article","isPartOf":{"@id":"https:\/\/www.antoniocaramia.it\/index.php\/2020\/08\/15\/antonio-caramia-tra-surrealismo-magico-e-letteratura-in-memoria-di-gianni-rodardi\/"},"author":{"name":"Antonio Caramia","@id":"https:\/\/www.antoniocaramia.it\/#\/schema\/person\/e1b8d9205c65c3ab60bff6f947b77ad1"},"headline":"ANTONIO CARAMIA TRA SURREALISMO MAGICO E LETTERATURA &#8211; IN MEMORIA DI GIANNI RODARDI","datePublished":"2020-08-15T14:44:00+00:00","dateModified":"2020-10-06T14:49:36+00:00","mainEntityOfPage":{"@id":"https:\/\/www.antoniocaramia.it\/index.php\/2020\/08\/15\/antonio-caramia-tra-surrealismo-magico-e-letteratura-in-memoria-di-gianni-rodardi\/"},"wordCount":367,"publisher":{"@id":"https:\/\/www.antoniocaramia.it\/#\/schema\/person\/e1b8d9205c65c3ab60bff6f947b77ad1"},"articleSection":["Articoli"],"inLanguage":"it-IT"},{"@type":"WebPage","@id":"https:\/\/www.antoniocaramia.it\/index.php\/2020\/08\/15\/antonio-caramia-tra-surrealismo-magico-e-letteratura-in-memoria-di-gianni-rodardi\/","url":"https:\/\/www.antoniocaramia.it\/index.php\/2020\/08\/15\/antonio-caramia-tra-surrealismo-magico-e-letteratura-in-memoria-di-gianni-rodardi\/","name":"ANTONIO CARAMIA TRA SURREALISMO MAGICO E LETTERATURA - IN MEMORIA DI GIANNI RODARDI - Antonio Caramia","isPartOf":{"@id":"https:\/\/www.antoniocaramia.it\/#website"},"datePublished":"2020-08-15T14:44:00+00:00","dateModified":"2020-10-06T14:49:36+00:00","breadcrumb":{"@id":"https:\/\/www.antoniocaramia.it\/index.php\/2020\/08\/15\/antonio-caramia-tra-surrealismo-magico-e-letteratura-in-memoria-di-gianni-rodardi\/#breadcrumb"},"inLanguage":"it-IT","potentialAction":[{"@type":"ReadAction","target":["https:\/\/www.antoniocaramia.it\/index.php\/2020\/08\/15\/antonio-caramia-tra-surrealismo-magico-e-letteratura-in-memoria-di-gianni-rodardi\/"]}]},{"@type":"BreadcrumbList","@id":"https:\/\/www.antoniocaramia.it\/index.php\/2020\/08\/15\/antonio-caramia-tra-surrealismo-magico-e-letteratura-in-memoria-di-gianni-rodardi\/#breadcrumb","itemListElement":[{"@type":"ListItem","position":1,"name":"Home","item":"https:\/\/www.antoniocaramia.it\/"},{"@type":"ListItem","position":2,"name":"ANTONIO CARAMIA TRA SURREALISMO MAGICO E LETTERATURA &#8211; IN MEMORIA DI GIANNI RODARDI"}]},{"@type":"WebSite","@id":"https:\/\/www.antoniocaramia.it\/#website","url":"https:\/\/www.antoniocaramia.it\/","name":"Antonio Caramia","description":"Pittore","publisher":{"@id":"https:\/\/www.antoniocaramia.it\/#\/schema\/person\/e1b8d9205c65c3ab60bff6f947b77ad1"},"potentialAction":[{"@type":"SearchAction","target":{"@type":"EntryPoint","urlTemplate":"https:\/\/www.antoniocaramia.it\/?s={search_term_string}"},"query-input":"required name=search_term_string"}],"inLanguage":"it-IT"},{"@type":["Person","Organization"],"@id":"https:\/\/www.antoniocaramia.it\/#\/schema\/person\/e1b8d9205c65c3ab60bff6f947b77ad1","name":"Antonio Caramia","image":{"@type":"ImageObject","inLanguage":"it-IT","@id":"https:\/\/www.antoniocaramia.it\/#\/schema\/person\/image\/","url":"https:\/\/www.antoniocaramia.it\/wp-content\/uploads\/2023\/08\/Immagine-WhatsApp-2023-08-01-ore-16.51.20.jpg","contentUrl":"https:\/\/www.antoniocaramia.it\/wp-content\/uploads\/2023\/08\/Immagine-WhatsApp-2023-08-01-ore-16.51.20.jpg","width":1316,"height":1593,"caption":"Antonio Caramia"},"logo":{"@id":"https:\/\/www.antoniocaramia.it\/#\/schema\/person\/image\/"},"sameAs":["https:\/\/www.antoniocaramia.it"],"url":"https:\/\/www.antoniocaramia.it\/index.php\/author\/antonio\/"}]}},"_links":{"self":[{"href":"https:\/\/www.antoniocaramia.it\/index.php\/wp-json\/wp\/v2\/posts\/148"}],"collection":[{"href":"https:\/\/www.antoniocaramia.it\/index.php\/wp-json\/wp\/v2\/posts"}],"about":[{"href":"https:\/\/www.antoniocaramia.it\/index.php\/wp-json\/wp\/v2\/types\/post"}],"author":[{"embeddable":true,"href":"https:\/\/www.antoniocaramia.it\/index.php\/wp-json\/wp\/v2\/users\/2"}],"replies":[{"embeddable":true,"href":"https:\/\/www.antoniocaramia.it\/index.php\/wp-json\/wp\/v2\/comments?post=148"}],"version-history":[{"count":1,"href":"https:\/\/www.antoniocaramia.it\/index.php\/wp-json\/wp\/v2\/posts\/148\/revisions"}],"predecessor-version":[{"id":149,"href":"https:\/\/www.antoniocaramia.it\/index.php\/wp-json\/wp\/v2\/posts\/148\/revisions\/149"}],"wp:featuredmedia":[{"embeddable":true,"href":"https:\/\/www.antoniocaramia.it\/index.php\/wp-json\/wp\/v2\/media\/71"}],"wp:attachment":[{"href":"https:\/\/www.antoniocaramia.it\/index.php\/wp-json\/wp\/v2\/media?parent=148"}],"wp:term":[{"taxonomy":"category","embeddable":true,"href":"https:\/\/www.antoniocaramia.it\/index.php\/wp-json\/wp\/v2\/categories?post=148"},{"taxonomy":"post_tag","embeddable":true,"href":"https:\/\/www.antoniocaramia.it\/index.php\/wp-json\/wp\/v2\/tags?post=148"}],"curies":[{"name":"wp","href":"https:\/\/api.w.org\/{rel}","templated":true}]}}